{"id":852,"date":"2022-02-02T13:32:25","date_gmt":"2022-02-02T10:32:25","guid":{"rendered":"https:\/\/ambnicosia.esteri.it\/news\/dall_ambasciata\/2022\/02\/candidatura-della-citta-di-roma\/"},"modified":"2022-02-02T13:32:25","modified_gmt":"2022-02-02T10:32:25","slug":"candidatura-della-citta-di-roma","status":"publish","type":"post","link":"https:\/\/ambnicosia.esteri.it\/it\/news\/dall_ambasciata\/2022\/02\/candidatura-della-citta-di-roma\/","title":{"rendered":"Candidatura della citt\u00e0 di Roma a EXPO 2030"},"content":{"rendered":"<p style=\"text-align: justify;\">Il 14 dicembre, l\u2019Italia ha partecipato alla 169\u00aa edizione dell\u2019Assemblea Generale del <em>Bureau International des Expositions<\/em> (BIE) che si \u00e8 tenuta in modalit\u00e0 da remoto. La citt\u00e0 di Roma, come altri quattro Paesi (Corea del Sud, Russia, Arabia Saudita e Ucraina), ha presentato il proprio progetto in merito al World Expo 2030.<\/p>\n<p style=\"text-align: justify;\">Il titolo pensato per questa esposizione universale \u00e8: \u201cPersone e territori: rigenerazione urbana, inclusione e innovazione\u201d. Con questo tema si vuole porre l\u2019attenzione sulla necessit\u00e0 di attuare un\u2019intensa riqualificazione dei territori partendo dalle necessit\u00e0 delle persone. Inoltre, si intende trovare un punto di incontro tra innovazione e sviluppo sostenibile.<\/p>\n<p style=\"text-align: justify;\">La candidatura presentata da Luigi Di Maio (Ministro degli Esteri e della Cooperazione Internazionale), Roberto Gualtieri (Sindaco di Roma) e da Giampiero Massolo (Presidente del Comitato di Candidatura Expo), \u00e8 il primo passo di una lunga campagna di promozione. L\u2019Assemblea Generale BIE, infatti, voter\u00e0 a fine 2023 la citt\u00e0 che ospiter\u00e0 il World Expo 2030.<\/p>\n<p>Al seguente link \u00e8 disponibile il sito ufficiale di presentazione del progetto: <a href=\"https:\/\/www.romeexpo2030.com\/\">https:\/\/www.romeexpo2030.com\/<\/a><\/p>\n","protected":false},"excerpt":{"rendered":"Il 14 dicembre, l\u2019Italia ha partecipato alla 169\u00aa edizione dell\u2019Assemblea Generale del Bureau International des Expositions (BIE) che si \u00e8 tenuta in modalit\u00e0 da remoto. La citt\u00e0 di Roma, come altri quattro Paesi (Corea del Sud, Russia, Arabia Saudita e Ucraina), ha presentato il proprio progetto in merito al World Expo 2030. Il titolo pensato [&hellip;]","protected":false},"author":1,"featured_media":0,"comment_status":"","ping_status":"","sticky":false,"template":"","format":"standard","meta":{"footnotes":""},"tags":[],"class_list":["post-852","post","type-post","status-publish","format-standard","hentry"],"_links":{"self":[{"href":"https:\/\/ambnicosia.esteri.it\/it\/wp-json\/wp\/v2\/posts\/852","targetHints":{"allow":["GET"]}}],"collection":[{"href":"https:\/\/ambnicosia.esteri.it\/it\/wp-json\/wp\/v2\/posts"}],"about":[{"href":"https:\/\/ambnicosia.esteri.it\/it\/wp-json\/wp\/v2\/types\/post"}],"author":[{"embeddable":true,"href":"https:\/\/ambnicosia.esteri.it\/it\/wp-json\/wp\/v2\/users\/1"}],"replies":[{"embeddable":true,"href":"https:\/\/ambnicosia.esteri.it\/it\/wp-json\/wp\/v2\/comments?post=852"}],"version-history":[{"count":0,"href":"https:\/\/ambnicosia.esteri.it\/it\/wp-json\/wp\/v2\/posts\/852\/revisions"}],"wp:attachment":[{"href":"https:\/\/ambnicosia.esteri.it\/it\/wp-json\/wp\/v2\/media?parent=852"}],"wp:term":[{"taxonomy":"post_tag","embeddable":true,"href":"https:\/\/ambnicosia.esteri.it\/it\/wp-json\/wp\/v2\/tags?post=852"}],"curies":[{"name":"wp","href":"https:\/\/api.w.org\/{rel}","templated":true}]}}