{"id":815,"date":"2022-09-07T10:11:35","date_gmt":"2022-09-07T07:11:35","guid":{"rendered":"https:\/\/ambnicosia.esteri.it\/news\/dall_ambasciata\/2022\/09\/nave-san-giusto-in-visita-nel-porto\/"},"modified":"2022-09-07T10:11:35","modified_gmt":"2022-09-07T07:11:35","slug":"nave-san-giusto-in-visita-nel-porto","status":"publish","type":"post","link":"https:\/\/ambnicosia.esteri.it\/it\/news\/dall_ambasciata\/2022\/09\/nave-san-giusto-in-visita-nel-porto\/","title":{"rendered":"NAVE SAN GIUSTO IN VISITA NEL PORTO DI LARNACA"},"content":{"rendered":"<p>NAVE SAN GIUSTO IN VISITA NEL PORTO DI LARNACA<\/p>\n<p>In occasione della quarta tappa prevista dalla Campagna d\u2019Istruzione a favore degli Allievi Marescialli della Scuola Sottufficiali di Taranto, Nave San Giusto raggiunger\u00e0 il porto di Larnaca (Cipro) presso cui soster\u00e0 dal giorno 8 al giorno 11 settembre. Durante la sosta, oltre alle visite protocollari con le Autorit\u00e0 locali si terr\u00e0 a bordo della Nave la visita della Comunit\u00e0 italiana.<\/p>\n<p>Nave San Giusto \u00e8 la prima e unica nave della classe San Giusto, una versione ammodernata della classe San Giorgio, e unisce alle capacit\u00e0 anfibie le peculiarit\u00e0 di una nave scuola. La sua abituale sede di assegnazione \u00e8 la Base Navale di Brindisi ed \u00e8 alle dirette dipendenze della 3\u00b0 Divisione Navale. Secondo le denominazioni standard della NATO essa \u00e8 definita una LPD (Landing Platform Dock), cio\u00e8 un&#8217;unit\u00e0 da trasporto anfibio dotata di un bacino allagabile, designata per sbarcare truppe di assalto anfibio in operazioni di proiezione dal mare.<br \/>Possiede elevate capacit\u00e0 di trasporto che rendono l&#8217;unit\u00e0 anche molto versatile per operazioni di assistenza umanitaria, protezione civile, intervento in caso di calamit\u00e0 naturali nelle quali \u00e8 stata pi\u00f9 volte impiegata.<br \/>Gli ampi spazi e le capacit\u00e0 di alloggio ne consentono inoltre l&#8217;impiego come Nave Scuola per gli Allievi dell&#8217;Accademia Navale o delle Scuole Sottufficiali ed \u00e8 proprio in tale contesto che Nave San Giusto \u00e8 stata designata per la Campagna d\u2019istruzione 2022 a favore degli Allievi Marescialli della Scuola Sottufficiali di Taranto. I 151 allievi, di cui 35 donne e 116 uomini sperimenteranno in prima persona quelle che saranno le attivit\u00e0 svolte da Nave San Giusto in ambito operativo nel Mediterraneo, acquisendo conoscenze sulle unit\u00e0 navali e competenze utili a svolgere i diversi incarichi che saranno chiamati a ricoprire al termine dell\u2019iter formativo in Istituto.<br \/>La Campagna ha avuto inizio il 25 luglio dalla Base Navale di Taranto avr\u00e0 una durata di circa 2 mesi, con arrivo previsto a Taranto il 24 settembre. Diversi saranno le localit\u00e0 presso le quali soster\u00e0 Nave San Giusto che vedranno la presenza a bordo delle Autorit\u00e0 locali civili e militari dei paesi rivieraschi del Mediterraneo Centrale ed Orientale.<\/p>\n","protected":false},"excerpt":{"rendered":"NAVE SAN GIUSTO IN VISITA NEL PORTO DI LARNACA In occasione della quarta tappa prevista dalla Campagna d\u2019Istruzione a favore degli Allievi Marescialli della Scuola Sottufficiali di Taranto, Nave San Giusto raggiunger\u00e0 il porto di Larnaca (Cipro) presso cui soster\u00e0 dal giorno 8 al giorno 11 settembre. Durante la sosta, oltre alle visite protocollari con [&hellip;]","protected":false},"author":1,"featured_media":0,"comment_status":"","ping_status":"","sticky":false,"template":"","format":"standard","meta":{"footnotes":""},"tags":[],"class_list":["post-815","post","type-post","status-publish","format-standard","hentry"],"_links":{"self":[{"href":"https:\/\/ambnicosia.esteri.it\/it\/wp-json\/wp\/v2\/posts\/815","targetHints":{"allow":["GET"]}}],"collection":[{"href":"https:\/\/ambnicosia.esteri.it\/it\/wp-json\/wp\/v2\/posts"}],"about":[{"href":"https:\/\/ambnicosia.esteri.it\/it\/wp-json\/wp\/v2\/types\/post"}],"author":[{"embeddable":true,"href":"https:\/\/ambnicosia.esteri.it\/it\/wp-json\/wp\/v2\/users\/1"}],"replies":[{"embeddable":true,"href":"https:\/\/ambnicosia.esteri.it\/it\/wp-json\/wp\/v2\/comments?post=815"}],"version-history":[{"count":0,"href":"https:\/\/ambnicosia.esteri.it\/it\/wp-json\/wp\/v2\/posts\/815\/revisions"}],"wp:attachment":[{"href":"https:\/\/ambnicosia.esteri.it\/it\/wp-json\/wp\/v2\/media?parent=815"}],"wp:term":[{"taxonomy":"post_tag","embeddable":true,"href":"https:\/\/ambnicosia.esteri.it\/it\/wp-json\/wp\/v2\/tags?post=815"}],"curies":[{"name":"wp","href":"https:\/\/api.w.org\/{rel}","templated":true}]}}