{"id":1483,"date":"2023-07-24T11:08:37","date_gmt":"2023-07-24T08:08:37","guid":{"rendered":"https:\/\/ambnicosia.esteri.it\/?p=1483"},"modified":"2023-07-24T12:45:39","modified_gmt":"2023-07-24T09:45:39","slug":"rome-med-youth-policy-lab-2023-navigating-the-climate-crisis-mediterranean-youth-in-action","status":"publish","type":"post","link":"https:\/\/ambnicosia.esteri.it\/it\/news\/dall_ambasciata\/2023\/07\/rome-med-youth-policy-lab-2023-navigating-the-climate-crisis-mediterranean-youth-in-action\/","title":{"rendered":"ROME MED YOUTH  POLICY LAB 2023: &#8216;Navigating the Climate Crisis: Mediterranean Youth in Action&#8217;"},"content":{"rendered":"<p>&nbsp;<\/p>\n<p>Nell\u2019ambito dei Rome-Med Dialogues 2023, l\u2019ISPI e il MAECI hanno lanciato la settima edizione dello \u2018Youth Forum\u2019 che quest&#8217;anno ha visto un ampliamento dei partner internazionali.\u00a0 L&#8217;iniziativa \u00e8 infatti sostenuta dal Centro di Roma dell&#8217;UNDP, dal Centro di Formazione dell&#8217;OCSE sulla Governance Pubblica, da Youth4Climate, dall&#8217;Unione delle Universit\u00e0 del Mediterraneo (UNIMED) e dal Centro Euro-Mediterraneo sui Cambiamenti Climatici (Fondazione CMCC).<\/p>\n<p>Il Forum manterr\u00e0 la forma del &#8220;Policy Lab&#8221; dello scorso anno: l&#8217;obiettivo \u00e8 riunire 15-20 giovani talenti provenienti da Paesi della regione per elaborare un documento collettivo contenente proposte di politiche attuabili e raccomandazioni rivolte a Governi e Istituzioni delle due sponde del Mediterraneo. Il Forum si terr\u00e0 il 1 novembre e i candidati selezionati potranno assistere ai lavori dei MED Dialogues nei giorni successivi (2-4 novembre).<br \/>\nIl documento avr\u00e0 la funzione di offrire visibilit\u00e0 alle istanze delle nuove generazioni sui temi climatici: esso verr\u00e0 condiviso con i rappresentanti politici di alto livello presenti ai Dialoghi Mediterranei di Roma 2023 e potrebbe essere presentato anche alla COP28 a Dubai, in un evento dedicato presso il padiglione italiano.<\/p>\n<p>Rispetto alla scorsa edizione sono state semplificate le procedure di candidatura che non prevedono pi\u00f9 una &#8220;call for papers&#8221;. I giovani talenti della regione potranno fare domanda attraverso l&#8217;invio di un CV aggiornato e di un breve video di presentazione del proprio profilo e delle proprie idee.<br \/>\nPotranno candidarsi giovani tra i 21 e i 35 anni di et\u00e0, in possesso di un titolo universitario di primo livello o equivalenti, provenienti da paesi nordafricani, mediorientali o europei (per la lista puntale dei Paesi si veda il link a seguire) e con un ottimo livello di inglese.<\/p>\n<p>I criteri di valutazione, le modalit\u00e0 di presentazione delle candidature (scadenza 1 settembre 2023) e tutti gli altri dettagli dell&#8217;iniziativa sono disponibili al seguente link e allegato:<\/p>\n<p><a href=\"https:\/\/med.ispionline.it\/agenda\/call-youth-policy-lab-2023\/\">https:\/\/med.ispionline.it\/agenda\/call-youth-policy-lab-2023\/<\/a><\/p>\n<p>&nbsp;<\/p>\n<p>&nbsp;<\/p>\n","protected":false},"excerpt":{"rendered":"&nbsp; Nell\u2019ambito dei Rome-Med Dialogues 2023, l\u2019ISPI e il MAECI hanno lanciato la settima edizione dello \u2018Youth Forum\u2019 che quest&#8217;anno ha visto un ampliamento dei partner internazionali.\u00a0 L&#8217;iniziativa \u00e8 infatti sostenuta dal Centro di Roma dell&#8217;UNDP, dal Centro di Formazione dell&#8217;OCSE sulla Governance Pubblica, da Youth4Climate, dall&#8217;Unione delle Universit\u00e0 del Mediterraneo (UNIMED) e dal Centro [&hellip;]","protected":false},"author":9,"featured_media":1486,"comment_status":"closed","ping_status":"closed","sticky":false,"template":"","format":"standard","meta":{"footnotes":""},"tags":[],"class_list":["post-1483","post","type-post","status-publish","format-standard","has-post-thumbnail","hentry"],"_links":{"self":[{"href":"https:\/\/ambnicosia.esteri.it\/it\/wp-json\/wp\/v2\/posts\/1483","targetHints":{"allow":["GET"]}}],"collection":[{"href":"https:\/\/ambnicosia.esteri.it\/it\/wp-json\/wp\/v2\/posts"}],"about":[{"href":"https:\/\/ambnicosia.esteri.it\/it\/wp-json\/wp\/v2\/types\/post"}],"author":[{"embeddable":true,"href":"https:\/\/ambnicosia.esteri.it\/it\/wp-json\/wp\/v2\/users\/9"}],"replies":[{"embeddable":true,"href":"https:\/\/ambnicosia.esteri.it\/it\/wp-json\/wp\/v2\/comments?post=1483"}],"version-history":[{"count":0,"href":"https:\/\/ambnicosia.esteri.it\/it\/wp-json\/wp\/v2\/posts\/1483\/revisions"}],"wp:featuredmedia":[{"embeddable":true,"href":"https:\/\/ambnicosia.esteri.it\/it\/wp-json\/wp\/v2\/media\/1486"}],"wp:attachment":[{"href":"https:\/\/ambnicosia.esteri.it\/it\/wp-json\/wp\/v2\/media?parent=1483"}],"wp:term":[{"taxonomy":"post_tag","embeddable":true,"href":"https:\/\/ambnicosia.esteri.it\/it\/wp-json\/wp\/v2\/tags?post=1483"}],"curies":[{"name":"wp","href":"https:\/\/api.w.org\/{rel}","templated":true}]}}