{"id":1462,"date":"2017-01-30T09:56:29","date_gmt":"2017-01-30T06:56:29","guid":{"rendered":"https:\/\/ambnicosia.esteri.it\/news\/dall_ambasciata\/2017\/01\/pafos-capitale-europea-della-cultura\/"},"modified":"2017-01-30T09:56:29","modified_gmt":"2017-01-30T06:56:29","slug":"pafos-capitale-europea-della-cultura","status":"publish","type":"post","link":"https:\/\/ambnicosia.esteri.it\/it\/news\/dall_ambasciata\/2017\/01\/pafos-capitale-europea-della-cultura\/","title":{"rendered":"Pafos, Capitale europea della Cultura 2017: artisti italiani"},"content":{"rendered":"<p>Sabato 28 gennaio ha preso il via la manifestazione \u201cPafos, Capitale europea della Cultura 2017\u201d, dal titolo \u201cLinking Continents-Bridging Cultures\u201d. La nota cittadina cipriota, storicamente crocevia di culture e luogo di incontro tra Occidente e Oriente, ospiter\u00e0 pi\u00f9 di 150 eventi in una ideale \u201cOpen Air Factory\u201d, con numerosi spettacoli all\u2019aria aperta &#8211; una tradizione che risale all\u2019antichit\u00e0 \u2013 e svariate attrazioni nelle strade e nelle piazze per riscoprire la citt\u00e0 stessa come luogo di creazione e di produzione artistica.<\/p>\n<p>L\u2019Italia \u00e8 presente a \u201cPafos 2017\u201d con diversi protagonisti. Si segnalano in particolare:<\/p>\n<p><strong>Mind your Step<\/strong>, un progetto realizzato in collaborazione con il Centro di Danza Limassol e sostenuto dall\u2019Ambasciata d\u2019Italia a Nicosia, che mette in risalto il legame della danza contemporanea con lo spazio urbano. L\u2019evento, che si terr\u00e0 l\u20198 e il 9 aprile, prevede una serie di spettacoli nel centro della citt\u00e0. La coreografa italiana Giulia Galvan proporr\u00e0 una nuova visione della citt\u00e0, nei suoi spazi invisibili e inesplorati.<\/p>\n<p><strong>Galatea&#8217;s Myths,<\/strong> una performance di danzatori ciprioti e italiani con la coreografia di Davide Bombana ispirata al mito di Pafos, figlio di Pigmalione e Galatea, che ha dato nome alla citt\u00e0, che si terr\u00e0 il 14 e 15 luglio.<\/p>\n<p><strong>Officina Zoe<\/strong>, un ensemble di musica popolare che si esibir\u00e0 il 24 maggio in brani tradizionali dell\u2019Italia meridionale e canzoni originali<\/p>\n<p><strong>EcoArt<\/strong> &#8211; \u201cPaths on Common Ground &#8211; Works in situ\u201d, un progetto organizzato in collaborazione con la capitale europea della cultura Matera 2019, che comprende un Simposio e una mostra d\u2019arte che si inaugurer\u00e0 in aprile e continuer\u00e0 fino ad agosto. Il progetto si terr\u00e0 nella penisola di Akamas, area protetta dell\u2019Unesco, e mette in atto il concetto di \u201cOpen Air Factory\u201d con mostre organizzate all\u2019aperto, promuovendo il rapporto tra pubblico e artisti.<\/p>\n<p>Per ulteriori informazioni e il programma completo degli eventi visitare la pagina ufficiale: <a href=\"http:\/\/www.pafos2017.eu\">www.pafos2017.eu<\/a><\/p>\n","protected":false},"excerpt":{"rendered":"Sabato 28 gennaio ha preso il via la manifestazione \u201cPafos, Capitale europea della Cultura 2017\u201d, dal titolo \u201cLinking Continents-Bridging Cultures\u201d. La nota cittadina cipriota, storicamente crocevia di culture e luogo di incontro tra Occidente e Oriente, ospiter\u00e0 pi\u00f9 di 150 eventi in una ideale \u201cOpen Air Factory\u201d, con numerosi spettacoli all\u2019aria aperta &#8211; una tradizione [&hellip;]","protected":false},"author":1,"featured_media":0,"comment_status":"","ping_status":"","sticky":false,"template":"","format":"standard","meta":{"footnotes":""},"tags":[],"class_list":["post-1462","post","type-post","status-publish","format-standard","hentry"],"_links":{"self":[{"href":"https:\/\/ambnicosia.esteri.it\/it\/wp-json\/wp\/v2\/posts\/1462","targetHints":{"allow":["GET"]}}],"collection":[{"href":"https:\/\/ambnicosia.esteri.it\/it\/wp-json\/wp\/v2\/posts"}],"about":[{"href":"https:\/\/ambnicosia.esteri.it\/it\/wp-json\/wp\/v2\/types\/post"}],"author":[{"embeddable":true,"href":"https:\/\/ambnicosia.esteri.it\/it\/wp-json\/wp\/v2\/users\/1"}],"replies":[{"embeddable":true,"href":"https:\/\/ambnicosia.esteri.it\/it\/wp-json\/wp\/v2\/comments?post=1462"}],"version-history":[{"count":0,"href":"https:\/\/ambnicosia.esteri.it\/it\/wp-json\/wp\/v2\/posts\/1462\/revisions"}],"wp:attachment":[{"href":"https:\/\/ambnicosia.esteri.it\/it\/wp-json\/wp\/v2\/media?parent=1462"}],"wp:term":[{"taxonomy":"post_tag","embeddable":true,"href":"https:\/\/ambnicosia.esteri.it\/it\/wp-json\/wp\/v2\/tags?post=1462"}],"curies":[{"name":"wp","href":"https:\/\/api.w.org\/{rel}","templated":true}]}}